{"id":1,"date":"2024-08-01T09:57:10","date_gmt":"2024-08-01T07:57:10","guid":{"rendered":"https:\/\/www.astermagonia.com\/?p=1"},"modified":"2026-03-09T18:27:25","modified_gmt":"2026-03-09T17:27:25","slug":"premio-a-la-igualdad-para-aster-magonia","status":"publish","type":"post","link":"https:\/\/www.astermagonia.com\/en\/premio-a-la-igualdad-para-aster-magonia\/","title":{"rendered":"\u00a1Premio a la igualdad para Aster Magonia!"},"content":{"rendered":"<div data-elementor-type=\"wp-post\" data-elementor-id=\"1\" class=\"elementor elementor-1\" data-elementor-post-type=\"post\">\n\t\t\t\t<div class=\"elementor-element elementor-element-fdbfcea e-flex e-con-boxed e-con e-parent\" data-id=\"fdbfcea\" data-element_type=\"container\" data-e-type=\"container\">\n\t\t\t\t\t<div class=\"e-con-inner\">\n\t\t\t\t<div class=\"elementor-element elementor-element-12028dd3 elementor-widget elementor-widget-text-editor\" data-id=\"12028dd3\" data-element_type=\"widget\" data-e-type=\"widget\" data-widget_type=\"text-editor.default\">\n\t\t\t\t<div class=\"elementor-widget-container\">\n\t\t\t\t\t\t\t\t\t\n<p>&nbsp;En <em>Aster Magonia<\/em> estamos muy contentos de recibir el Premio \u201cIgualdad de oportunidades entre mujeres y hombres en el \u00e1mbito empresarial\u201d convocado por la Excma. Diputaci\u00f3n de Valladolid.<\/p>\n\n\n\n<p>El premio lo hemos recibido de manos del presidente de la Diputaci\u00f3n de Valladolid, Jes\u00fas Julio Carnero Garc\u00eda, el Premio \u201cIgualdad de oportunidades entre mujeres y hombres en el \u00e1mbito empresarial\u201d. El Acto tuvo lugar el martes 15 de octubre en el Castillo de Fuensalda\u00f1a dentro de la Celebraci\u00f3n Institucional del D\u00eda Internacional de la Mujer Rural.<\/p>\n\n\n\n<p>Con este premio, la Diputaci\u00f3n de Valladolid reconoce a las empresas que favorecen la igualdad de oportunidades entre hombres y mujeres en el \u00e1mbito laboral, la conciliaci\u00f3n de vida laboral y familiar o la inserci\u00f3n laboral de colectivos con dificultad de inclusi\u00f3n profesional.<\/p>\n\n\n\n<p>Aster Magonia S.L.L. es una empresa afincada en Medina del Campo, creada en 2009 y que se dedica a la gesti\u00f3n y dinamizaci\u00f3n de espacios culturales. Est\u00e1 formada por cuatro socios, dos hombres y dos mujeres, cuya finalidad es crear y promover los proyectos culturales y patrimoniales que la sociedad actual demanda.<\/p>\n\n\n\n<p><\/p>\n\n\n\n<p><\/p>\n\t\t\t\t\t\t\t\t<\/div>\n\t\t\t\t<\/div>\n\t\t\t\t<div class=\"elementor-element elementor-element-848fb6b elementor-widget elementor-widget-gallery\" data-id=\"848fb6b\" data-element_type=\"widget\" data-e-type=\"widget\" data-settings=\"{&quot;columns&quot;:2,&quot;gap&quot;:{&quot;unit&quot;:&quot;px&quot;,&quot;size&quot;:20,&quot;sizes&quot;:[]},&quot;lazyload&quot;:&quot;yes&quot;,&quot;gallery_layout&quot;:&quot;grid&quot;,&quot;columns_tablet&quot;:2,&quot;columns_mobile&quot;:1,&quot;gap_laptop&quot;:{&quot;unit&quot;:&quot;px&quot;,&quot;size&quot;:10,&quot;sizes&quot;:[]},&quot;gap_tablet_extra&quot;:{&quot;unit&quot;:&quot;px&quot;,&quot;size&quot;:10,&quot;sizes&quot;:[]},&quot;gap_tablet&quot;:{&quot;unit&quot;:&quot;px&quot;,&quot;size&quot;:10,&quot;sizes&quot;:[]},&quot;gap_mobile_extra&quot;:{&quot;unit&quot;:&quot;px&quot;,&quot;size&quot;:10,&quot;sizes&quot;:[]},&quot;gap_mobile&quot;:{&quot;unit&quot;:&quot;px&quot;,&quot;size&quot;:10,&quot;sizes&quot;:[]},&quot;link_to&quot;:&quot;file&quot;,&quot;aspect_ratio&quot;:&quot;3:2&quot;,&quot;overlay_background&quot;:&quot;yes&quot;,&quot;content_hover_animation&quot;:&quot;fade-in&quot;}\" data-widget_type=\"gallery.default\">\n\t\t\t\t<div class=\"elementor-widget-container\">\n\t\t\t\t\t\t\t<div class=\"elementor-gallery__container\">\n\t\t\t\t\t\t\t<a class=\"e-gallery-item elementor-gallery-item elementor-animated-content\" href=\"https:\/\/www.astermagonia.com\/wp-content\/uploads\/2024\/08\/Premio-Igualdad-15-Oct-2013-scaled.jpg\" data-elementor-open-lightbox=\"yes\" data-elementor-lightbox-slideshow=\"848fb6b\" data-elementor-lightbox-title=\"OLYMPUS DIGITAL CAMERA\" data-elementor-lightbox-description=\"OLYMPUS DIGITAL CAMERA\" data-e-action-hash=\"#elementor-action%3Aaction%3Dlightbox%26settings%3DeyJpZCI6NDUwLCJ1cmwiOiJodHRwczpcL1wvd3d3LmFzdGVybWFnb25pYS5jb21cL3dwLWNvbnRlbnRcL3VwbG9hZHNcLzIwMjRcLzA4XC9QcmVtaW8tSWd1YWxkYWQtMTUtT2N0LTIwMTMtc2NhbGVkLmpwZyIsInNsaWRlc2hvdyI6Ijg0OGZiNmIifQ%3D%3D\">\n\t\t\t\t\t<div class=\"e-gallery-image elementor-gallery-item__image\" data-thumbnail=\"https:\/\/www.astermagonia.com\/wp-content\/uploads\/2024\/08\/Premio-Igualdad-15-Oct-2013-scaled.jpg\" data-width=\"2560\" data-height=\"1920\" aria-label=\"OLYMPUS DIGITAL CAMERA\" role=\"img\" ><\/div>\n\t\t\t\t\t\t\t\t\t\t\t<div class=\"elementor-gallery-item__overlay\"><\/div>\n\t\t\t\t\t\t\t\t\t\t\t\t\t\t<\/a>\n\t\t\t\t\t\t\t<a class=\"e-gallery-item elementor-gallery-item elementor-animated-content\" href=\"https:\/\/www.astermagonia.com\/wp-content\/uploads\/2024\/08\/Premio-Igualdad-15-Oct-2013-2-scaled.jpg\" data-elementor-open-lightbox=\"yes\" data-elementor-lightbox-slideshow=\"848fb6b\" data-elementor-lightbox-title=\"Premio Igualdad 15 Oct 2013 2\" data-elementor-lightbox-description=\"Premio Igualdad 15 Oct 2013 2\" data-e-action-hash=\"#elementor-action%3Aaction%3Dlightbox%26settings%3DeyJpZCI6NDUxLCJ1cmwiOiJodHRwczpcL1wvd3d3LmFzdGVybWFnb25pYS5jb21cL3dwLWNvbnRlbnRcL3VwbG9hZHNcLzIwMjRcLzA4XC9QcmVtaW8tSWd1YWxkYWQtMTUtT2N0LTIwMTMtMi1zY2FsZWQuanBnIiwic2xpZGVzaG93IjoiODQ4ZmI2YiJ9\">\n\t\t\t\t\t<div class=\"e-gallery-image elementor-gallery-item__image\" data-thumbnail=\"https:\/\/www.astermagonia.com\/wp-content\/uploads\/2024\/08\/Premio-Igualdad-15-Oct-2013-2-scaled.jpg\" data-width=\"2560\" data-height=\"1920\" aria-label=\"Premio Igualdad 15 Oct 2013 2\" role=\"img\" ><\/div>\n\t\t\t\t\t\t\t\t\t\t\t<div class=\"elementor-gallery-item__overlay\"><\/div>\n\t\t\t\t\t\t\t\t\t\t\t\t\t\t<\/a>\n\t\t\t\t\t<\/div>\n\t\t\t\t\t<\/div>\n\t\t\t\t<\/div>\n\t\t\t\t\t<\/div>\n\t\t\t\t<\/div>\n\t\t\t\t<\/div>","protected":false},"excerpt":{"rendered":"<p>&nbsp;En Aster Magonia estamos muy contentos de recibir el Premio \u201cIgualdad de oportunidades entre mujeres y hombres en el \u00e1mbito empresarial\u201d convocado por la Excma. Diputaci\u00f3n de Valladolid. El premio lo hemos recibido de manos del presidente de la Diputaci\u00f3n de Valladolid, Jes\u00fas Julio Carnero Garc\u00eda, el Premio \u201cIgualdad de oportunidades entre mujeres y hombres [&hellip;]<\/p>\n","protected":false},"author":1,"featured_media":451,"comment_status":"closed","ping_status":"closed","sticky":false,"template":"","format":"standard","meta":{"footnotes":""},"categories":[11],"tags":[43,89,97,98,99],"class_list":["post-1","post","type-post","status-publish","format-standard","has-post-thumbnail","hentry","category-noticias","tag-aster-magonia","tag-david-garcia-esteban","tag-eva-maria-quevedo-nieto","tag-felipe-lopez-perez","tag-loreto-sacristan-guijar"],"_links":{"self":[{"href":"https:\/\/www.astermagonia.com\/en\/wp-json\/wp\/v2\/posts\/1","targetHints":{"allow":["GET"]}}],"collection":[{"href":"https:\/\/www.astermagonia.com\/en\/wp-json\/wp\/v2\/posts"}],"about":[{"href":"https:\/\/www.astermagonia.com\/en\/wp-json\/wp\/v2\/types\/post"}],"author":[{"embeddable":true,"href":"https:\/\/www.astermagonia.com\/en\/wp-json\/wp\/v2\/users\/1"}],"replies":[{"embeddable":true,"href":"https:\/\/www.astermagonia.com\/en\/wp-json\/wp\/v2\/comments?post=1"}],"version-history":[{"count":10,"href":"https:\/\/www.astermagonia.com\/en\/wp-json\/wp\/v2\/posts\/1\/revisions"}],"predecessor-version":[{"id":538,"href":"https:\/\/www.astermagonia.com\/en\/wp-json\/wp\/v2\/posts\/1\/revisions\/538"}],"wp:featuredmedia":[{"embeddable":true,"href":"https:\/\/www.astermagonia.com\/en\/wp-json\/wp\/v2\/media\/451"}],"wp:attachment":[{"href":"https:\/\/www.astermagonia.com\/en\/wp-json\/wp\/v2\/media?parent=1"}],"wp:term":[{"taxonomy":"category","embeddable":true,"href":"https:\/\/www.astermagonia.com\/en\/wp-json\/wp\/v2\/categories?post=1"},{"taxonomy":"post_tag","embeddable":true,"href":"https:\/\/www.astermagonia.com\/en\/wp-json\/wp\/v2\/tags?post=1"}],"curies":[{"name":"wp","href":"https:\/\/api.w.org\/{rel}","templated":true}]}}