{"id":10470,"date":"2026-03-09T18:08:10","date_gmt":"2026-03-09T17:08:10","guid":{"rendered":"https:\/\/www.astermagonia.com\/?p=10470"},"modified":"2026-03-09T18:08:13","modified_gmt":"2026-03-09T17:08:13","slug":"del-grand-louvre-al-louvre-nouvelle-renaissance","status":"publish","type":"post","link":"https:\/\/www.astermagonia.com\/en\/del-grand-louvre-al-louvre-nouvelle-renaissance\/","title":{"rendered":"Del \u00ab\u00a0GRAND LOUVRE\u00a0\u00bb al \u00ab\u00a0LOUVRE NOUVELLE RENAISSANCE\u00a0\u00bb."},"content":{"rendered":"<div data-elementor-type=\"wp-post\" data-elementor-id=\"10470\" class=\"elementor elementor-10470\" data-elementor-post-type=\"post\">\n\t\t\t\t<div class=\"elementor-element elementor-element-8295c87 e-flex e-con-boxed e-con e-parent\" data-id=\"8295c87\" data-element_type=\"container\" data-e-type=\"container\">\n\t\t\t\t\t<div class=\"e-con-inner\">\n\t\t\t\t<div class=\"elementor-element elementor-element-52d3bc9 elementor-widget elementor-widget-image\" data-id=\"52d3bc9\" data-element_type=\"widget\" data-e-type=\"widget\" data-widget_type=\"image.default\">\n\t\t\t\t<div class=\"elementor-widget-container\">\n\t\t\t\t\t\t\t\t\t\t\t\t\t\t\t<img fetchpriority=\"high\" decoding=\"async\" width=\"769\" height=\"1024\" src=\"https:\/\/www.astermagonia.com\/wp-content\/uploads\/2026\/03\/CREAUN1-769x1024.jpg\" class=\"attachment-large size-large wp-image-10472\" alt=\"\" \/>\t\t\t\t\t\t\t\t\t\t\t\t\t\t\t<\/div>\n\t\t\t\t<\/div>\n\t\t\t\t\t<\/div>\n\t\t\t\t<\/div>\n\t\t<div class=\"elementor-element elementor-element-1a6ee37 e-flex e-con-boxed e-con e-parent\" data-id=\"1a6ee37\" data-element_type=\"container\" data-e-type=\"container\">\n\t\t\t\t\t<div class=\"e-con-inner\">\n\t\t\t\t<div class=\"elementor-element elementor-element-35e7606 elementor-widget elementor-widget-text-editor\" data-id=\"35e7606\" data-element_type=\"widget\" data-e-type=\"widget\" data-widget_type=\"text-editor.default\">\n\t\t\t\t<div class=\"elementor-widget-container\">\n\t\t\t\t\t\t\t\t\t<p><span style=\"color: #993366;\"><strong>El Museo del Louvre siempre es noticia, pero en el \u00faltimo a\u00f1o parece que est\u00e1 ocupando m\u00e1s titulares de lo habitual, anuncio de grandes obras, robo \u201cde pel\u00edcula\u201d, dimisi\u00f3n de la directora\u2026 \u00bfCu\u00e1les son las apuestas de El Gran Louvre para conseguir su esperado <em>Renacimiento<\/em>?<\/strong><\/span><\/p>\t\t\t\t\t\t\t\t<\/div>\n\t\t\t\t<\/div>\n\t\t\t\t\t<\/div>\n\t\t\t\t<\/div>\n\t\t<div class=\"elementor-element elementor-element-02d6d89 e-flex e-con-boxed e-con e-parent\" data-id=\"02d6d89\" data-element_type=\"container\" data-e-type=\"container\">\n\t\t\t\t\t<div class=\"e-con-inner\">\n\t\t\t\t<div class=\"elementor-element elementor-element-ab98aeb elementor-widget elementor-widget-text-editor\" data-id=\"ab98aeb\" data-element_type=\"widget\" data-e-type=\"widget\" data-widget_type=\"text-editor.default\">\n\t\t\t\t<div class=\"elementor-widget-container\">\n\t\t\t\t\t\t\t\t\t<h3><strong>800 MILLONES PARA NO MORIR DE \u00c9XITO<\/strong><\/h3>\t\t\t\t\t\t\t\t<\/div>\n\t\t\t\t<\/div>\n\t\t\t\t\t<\/div>\n\t\t\t\t<\/div>\n\t\t<div class=\"elementor-element elementor-element-f932210 e-flex e-con-boxed e-con e-parent\" data-id=\"f932210\" data-element_type=\"container\" data-e-type=\"container\">\n\t\t\t\t\t<div class=\"e-con-inner\">\n\t\t\t\t<div class=\"elementor-element elementor-element-c616eff elementor-widget elementor-widget-text-editor\" data-id=\"c616eff\" data-element_type=\"widget\" data-e-type=\"widget\" data-widget_type=\"text-editor.default\">\n\t\t\t\t<div class=\"elementor-widget-container\">\n\t\t\t\t\t\t\t\t\t<p>Hace unos meses Francia sorprend\u00eda con un anuncio muy esperado por muchos de nosotros, el Museo del Louvre, el gran cofre del tesoro del estado franc\u00e9s ser\u00e1 durante los pr\u00f3ximos a\u00f1os objeto de una remodelaci\u00f3n con importantes cambios tanto a nivel de gesti\u00f3n como a nivel museogr\u00e1fico.<\/p><p>Y es que este museo estaba pidiendo ayuda a gritos. Parece que en el Louvre, uno de los museos m\u00e1s grandes del mundo, todo se hab\u00eda quedado peque\u00f1o y obsoleto. Por supuesto no hablamos de las importantes obras de arte que custodia, sino de los espacios, de los recorridos, de las enormes colas que se forman en el acceso de la pir\u00e1mide, sobre todo en la famosa sala de los Estados, para ver su obra estrella: La Gioconda.<\/p><p>Hace casi 40 a\u00f1os que este museo sufri\u00f3 una importante reforma que bautizaron como el \u201cGrand Louvre\u201d en la que, entre otras cosas, el museo ampli\u00f3 sus espacios expositivos, hicieron labores arqueol\u00f3gicas y se cre\u00f3 un imponente acceso preparado para acoger a 4 millones de visitantes al a\u00f1o: la famosa y controvertida pir\u00e1mide de Ming Pei, que en la actualidad se ha convertido en uno de los grandes emblemas del Museo. Pero 40 a\u00f1os despu\u00e9s, con 9 millones de visitantes anuales, todo se ha quedado peque\u00f1o.<\/p>\t\t\t\t\t\t\t\t<\/div>\n\t\t\t\t<\/div>\n\t\t\t\t\t<\/div>\n\t\t\t\t<\/div>\n\t\t<div class=\"elementor-element elementor-element-c4fa560 e-flex e-con-boxed e-con e-parent\" data-id=\"c4fa560\" data-element_type=\"container\" data-e-type=\"container\">\n\t\t\t\t\t<div class=\"e-con-inner\">\n\t\t\t\t<div class=\"elementor-element elementor-element-0d72484 elementor-widget elementor-widget-text-editor\" data-id=\"0d72484\" data-element_type=\"widget\" data-e-type=\"widget\" data-widget_type=\"text-editor.default\">\n\t\t\t\t<div class=\"elementor-widget-container\">\n\t\t\t\t\t\t\t\t\t<blockquote><p style=\"padding-left: 40px; text-align: center;\"><strong><em>\u201cEl \u00e9xito de Louvre no es una maldici\u00f3n, es un orgullo\u201d.<\/em><\/strong><\/p><p style=\"padding-left: 40px; text-align: right;\"><em>Laurence de Cars<\/em><\/p><p style=\"padding-left: 40px; text-align: right;\"><em>Ex &#8211; directora del Museo del Louvre<\/em><\/p><\/blockquote>\t\t\t\t\t\t\t\t<\/div>\n\t\t\t\t<\/div>\n\t\t\t\t\t<\/div>\n\t\t\t\t<\/div>\n\t\t<div class=\"elementor-element elementor-element-ff82564 e-flex e-con-boxed e-con e-parent\" data-id=\"ff82564\" data-element_type=\"container\" data-e-type=\"container\">\n\t\t\t\t\t<div class=\"e-con-inner\">\n\t\t\t\t<div class=\"elementor-element elementor-element-616a182 elementor-widget elementor-widget-text-editor\" data-id=\"616a182\" data-element_type=\"widget\" data-e-type=\"widget\" data-widget_type=\"text-editor.default\">\n\t\t\t\t<div class=\"elementor-widget-container\">\n\t\t\t\t\t\t\t\t\t<p>El origen de esta reforma est\u00e1 en el informe confidencial que Laurence des Cars, la ya ex-directora del Museo del Louvre, dirigi\u00f3 a la ministra de Cultura donde alerta de varios problemas y de la necesidad de poner soluci\u00f3n ante la gravedad de estos. Seg\u00fan coment\u00f3 ella misma en la rueda de prensa en la que anunciaron este nuevo proyecto, son cuatro grandes retos los que se afrontan en esta nueva reforma: seguridad, inclusi\u00f3n de las nuevas tecnolog\u00edas en el museo, adaptaci\u00f3n del museo al cambio clim\u00e1tico y la adaptaci\u00f3n de los espacios al alto volumen de visitantes. Los datos actuales en cuanto a n\u00famero de visitantes en este museo rondan los 9 millones al a\u00f1o, cuando los espacios actuales est\u00e1n preparados para un volumen de 4 millones de visitantes anuales. Con esta reforma se pretende preparar al museo para que pueda llegar a recibir a 12 millones de personas al a\u00f1o.<\/p>\t\t\t\t\t\t\t\t<\/div>\n\t\t\t\t<\/div>\n\t\t\t\t\t<\/div>\n\t\t\t\t<\/div>\n\t\t<div class=\"elementor-element elementor-element-7affce7 e-flex e-con-boxed e-con e-parent\" data-id=\"7affce7\" data-element_type=\"container\" data-e-type=\"container\">\n\t\t\t\t\t<div class=\"e-con-inner\">\n\t\t\t\t<div class=\"elementor-element elementor-element-07994ae elementor-widget elementor-widget-text-editor\" data-id=\"07994ae\" data-element_type=\"widget\" data-e-type=\"widget\" data-widget_type=\"text-editor.default\">\n\t\t\t\t<div class=\"elementor-widget-container\">\n\t\t\t\t\t\t\t\t\t<h3><strong>Pero \u00bfcu\u00e1les son los costes estimados y c\u00f3mo se va a financiar?<\/strong><\/h3>\t\t\t\t\t\t\t\t<\/div>\n\t\t\t\t<\/div>\n\t\t\t\t\t<\/div>\n\t\t\t\t<\/div>\n\t\t<div class=\"elementor-element elementor-element-44f2b6f e-flex e-con-boxed e-con e-parent\" data-id=\"44f2b6f\" data-element_type=\"container\" data-e-type=\"container\">\n\t\t\t\t\t<div class=\"e-con-inner\">\n\t\t\t\t<div class=\"elementor-element elementor-element-b63af6e elementor-widget elementor-widget-text-editor\" data-id=\"b63af6e\" data-element_type=\"widget\" data-e-type=\"widget\" data-widget_type=\"text-editor.default\">\n\t\t\t\t<div class=\"elementor-widget-container\">\n\t\t\t\t\t\t\t\t\t<p>Seg\u00fan se ha expuesto en rueda de prensa, calculan que la cifra para solucionar estos problemas y hacer renacer al Louvre asciende a 800 millones de euros. A pesar de la contundente factura, han prometido que no repercutir\u00e1 en el bolsillo del contribuyente, ya que el estado franc\u00e9s tan s\u00f3lo se har\u00e1 cargo de 10 millones y el resto se financiar\u00e1 a trav\u00e9s de los propios recursos del museo como las entradas, los importantes mecenas con los que cuenta y los suculentos ingresos por la licencia del Louvre Abu Dabi.<\/p><p>Tambi\u00e9n ayudar\u00e1 el aumento de las tarifas que est\u00e1n en vigor desde de enero (22,00\u20ac\/persona mayor de 18 a\u00f1os) y que contemplan una tarifa mayor para los visitantes de fuera de la Uni\u00f3n Europea (32,00\u20ac\/persona).<\/p>\t\t\t\t\t\t\t\t<\/div>\n\t\t\t\t<\/div>\n\t\t\t\t\t<\/div>\n\t\t\t\t<\/div>\n\t\t<div class=\"elementor-element elementor-element-f009fb5 e-flex e-con-boxed e-con e-parent\" data-id=\"f009fb5\" data-element_type=\"container\" data-e-type=\"container\">\n\t\t\t\t\t<div class=\"e-con-inner\">\n\t\t\t\t<div class=\"elementor-element elementor-element-d48c58d elementor-widget elementor-widget-text-editor\" data-id=\"d48c58d\" data-element_type=\"widget\" data-e-type=\"widget\" data-widget_type=\"text-editor.default\">\n\t\t\t\t<div class=\"elementor-widget-container\">\n\t\t\t\t\t\t\t\t\t<blockquote><p><strong><em>\u201cReplantear, restaurar, ampliar\u201d.<\/em><\/strong><\/p><\/blockquote><p><em>Emmanuel Macron<\/em><\/p><p style=\"text-align: left;\"><em>Presidente de la Rep\u00fablica francesa<\/em><\/p>\t\t\t\t\t\t\t\t<\/div>\n\t\t\t\t<\/div>\n\t\t\t\t<div class=\"elementor-element elementor-element-73e6c16 elementor-widget elementor-widget-image\" data-id=\"73e6c16\" data-element_type=\"widget\" data-e-type=\"widget\" data-widget_type=\"image.default\">\n\t\t\t\t<div class=\"elementor-widget-container\">\n\t\t\t\t\t\t\t\t\t\t\t\t\t\t\t<img decoding=\"async\" width=\"768\" height=\"1024\" src=\"https:\/\/www.astermagonia.com\/wp-content\/uploads\/2026\/03\/IMG_20230823_152145-768x1024.jpg\" class=\"attachment-large size-large wp-image-10473\" alt=\"\" srcset=\"https:\/\/www.astermagonia.com\/wp-content\/uploads\/2026\/03\/IMG_20230823_152145-768x1024.jpg 768w, https:\/\/www.astermagonia.com\/wp-content\/uploads\/2026\/03\/IMG_20230823_152145-225x300.jpg 225w, https:\/\/www.astermagonia.com\/wp-content\/uploads\/2026\/03\/IMG_20230823_152145-1152x1536.jpg 1152w, https:\/\/www.astermagonia.com\/wp-content\/uploads\/2026\/03\/IMG_20230823_152145-1536x2048.jpg 1536w, https:\/\/www.astermagonia.com\/wp-content\/uploads\/2026\/03\/IMG_20230823_152145-9x12.jpg 9w, https:\/\/www.astermagonia.com\/wp-content\/uploads\/2026\/03\/IMG_20230823_152145-300x400.jpg 300w, https:\/\/www.astermagonia.com\/wp-content\/uploads\/2026\/03\/IMG_20230823_152145-600x800.jpg 600w, https:\/\/www.astermagonia.com\/wp-content\/uploads\/2026\/03\/IMG_20230823_152145-scaled.jpg 1920w\" sizes=\"(max-width: 768px) 100vw, 768px\" \/>\t\t\t\t\t\t\t\t\t\t\t\t\t\t\t<\/div>\n\t\t\t\t<\/div>\n\t\t\t\t\t<\/div>\n\t\t\t\t<\/div>\n\t\t<div class=\"elementor-element elementor-element-61015c2 e-flex e-con-boxed e-con e-parent\" data-id=\"61015c2\" data-element_type=\"container\" data-e-type=\"container\">\n\t\t\t\t\t<div class=\"e-con-inner\">\n\t\t\t\t<div class=\"elementor-element elementor-element-8044c9f elementor-widget elementor-widget-text-editor\" data-id=\"8044c9f\" data-element_type=\"widget\" data-e-type=\"widget\" data-widget_type=\"text-editor.default\">\n\t\t\t\t<div class=\"elementor-widget-container\">\n\t\t\t\t\t\t\t\t\t<p>Por otro lado, en esa misma presentaci\u00f3n, intervino Emmanuel Macron, presidente de la rep\u00fablica francesa, quien dio m\u00e1s detalles de la intervenci\u00f3n planteada, presentando un proyecto que va m\u00e1s all\u00e1 del propio museo afectando a uno de los sectores m\u00e1s concurridos de la ciudad de Par\u00eds.<\/p><p>Seg\u00fan han contado, se tiene previsto crear una nueva entrada en la fachada oriental del palacio del Louvre, conocida como la <em>Colonnade Perrault<\/em>, aprovechando la explanada que hay delante de esta espectacular fachada. Gracias a este nuevo acceso no solo se replantear\u00e1 la manera de visitar el museo, sino tambi\u00e9n de abrirlo a Par\u00eds poniendo en valor el exterior y los alrededores.<\/p><p>Para ello, por un lado se tiene previsto aprovechar los fosos y abrir el museo al Sena y a <em>l\u2019\u00cele de la Cit\u00e9<\/em>, donde se encuentran monumentos como la Catedral de <em>Notre Dame<\/em>, la <em>Sainte Chapelle<\/em> o la <em>Conciergerie<\/em>. Y por otro lado, se tiene pensado proceder a la restauraci\u00f3n de los jardines del <em>Carrousel<\/em> y de las <em>Tuileries<\/em>. Parece que el objetivo de todo este gran proyecto es crear una especie de \u201cmilla de oro\u201d parisina de la cultura, el arte y el patrimonio.<\/p><p>Volviendo al Louvre, Emmanuel Macron ha concretado parte de las intervenciones que sufrir\u00e1 el museo. Ha hablado de la creaci\u00f3n de grandes espacios subterr\u00e1neos bajo <em>la Cour Carr\u00e8e<\/em> que estar\u00e1n unidos a la zona subterr\u00e1nea de la pir\u00e1mide. Gracias a ello se replantear\u00e1 el eje este-oeste del museo, que se convertir\u00e1 en el n\u00facleo organizador del mismo, permitiendo la creaci\u00f3n de nuevos espacios para recepci\u00f3n y orientaci\u00f3n del visitante, de nuevas salas de exposici\u00f3n m\u00e1s accesibles y con una mejor puesta en valor de las colecciones expuestas, con nuevos espacios pedag\u00f3gicos.<\/p><p>Por otro lado, se ha proyectado una mejora de las infraestructuras internas del museo para mejorar la condici\u00f3n de los visitantes, de los trabajadores y de las colecciones. Estas mejoras tambi\u00e9n incluyen cambios en la seguridad, que ya qued\u00f3 en evidencia tras el robo del pasado 19 de octubre, adem\u00e1s de en la conservaci\u00f3n de la colecci\u00f3n, en el confort del visitante y en los sistemas de climatizaci\u00f3n, de antincendios, de videovigilancia, de accesibilidad, de electricidad y de inform\u00e1tica.<\/p><p>Teniendo todo esto en cuenta, tambi\u00e9n tendr\u00e1n que adaptar el discurso expositivo, replantear los recorridos, en definitiva, reinventar en profundidad el museo.<\/p><p>Un cap\u00edtulo aparte y especial es el que han dedicado al \u201crenacimiento\u201d de La Gioconda, la obra m\u00e1s popular del Museo. Todo parece indicar que abandonar\u00e1 la famosa sala de los Estados para alojarse en un espacio propio ubicado en las nuevas salas que se crear\u00e1n bajo la Cour Carr\u00e8e. Han avanzado que contar\u00e1 con una entrada propia e independiente al resto del museo. Esto favorecer\u00e1 a la descongesti\u00f3n de las grandes salas del Louvre (esperemos que no lo vac\u00ede), mejorar\u00e1 la siempre abarrotada Sala de los Estados y pondr\u00e1 en valor las grandes obras que all\u00ed se encuentran y que en la actualidad est\u00e1n eclipsadas por la Gioconda.<\/p><p>En definitiva, permitir\u00e1 disfrutar de <em>Mona Lisa<\/em> con nuevas condiciones de exposici\u00f3n, presentaci\u00f3n y explicaci\u00f3n acordes a lo que esta obra merece.<\/p><p>Todo esto porque el turismo as\u00ed lo pide. Pero esperemos que esto no la descontextualice, que no la separe de los otros Da Vinci que se exponen en el museo, o del resto de las obras renacentistas que all\u00ed se encuentran y que, sin ellas, ser\u00eda mucho m\u00e1s dif\u00edcil entender, comprender y valorar todo lo que hay alrededor de esa enigm\u00e1tica sonrisa. En cambio, confiamos en que sirva para ponerla en valor, poder comprenderla, poder explicar la obra y, por supuesto, para que cada uno de esos 9 millones de visitantes puedan disfrutar de ella, cada uno a su manera, con o sin selfie, emocionados o indiferentes, pero cada uno con su \u201cminuto de gloria\u201d frente a ella.\u00a0<\/p><p>El desaf\u00edo al que se enfrentan en el Louvre est\u00e1 a la altura de un mito, Mona Lisa, la Gioconda.<\/p><p>Esperaremos con paciencia al 2031 para ver este nuevo renacer del Louvre.<\/p>\t\t\t\t\t\t\t\t<\/div>\n\t\t\t\t<\/div>\n\t\t\t\t\t<\/div>\n\t\t\t\t<\/div>\n\t\t<div class=\"elementor-element elementor-element-081b291 e-flex e-con-boxed e-con e-parent\" data-id=\"081b291\" data-element_type=\"container\" data-e-type=\"container\">\n\t\t\t\t\t<div class=\"e-con-inner\">\n\t\t\t\t<div class=\"elementor-element elementor-element-86c70e9 elementor-widget elementor-widget-text-editor\" data-id=\"86c70e9\" data-element_type=\"widget\" data-e-type=\"widget\" data-widget_type=\"text-editor.default\">\n\t\t\t\t<div class=\"elementor-widget-container\">\n\t\t\t\t\t\t\t\t\t<p style=\"text-align: right;\"><span style=\"color: #993366;\">David Garc\u00eda Esteban<\/span><\/p><p style=\"text-align: right;\"><em>Historiador del Arte, conservador y gestor cultural<\/em>.<\/p><p style=\"text-align: right;\">Aster Magonia.<\/p>\t\t\t\t\t\t\t\t<\/div>\n\t\t\t\t<\/div>\n\t\t\t\t\t<\/div>\n\t\t\t\t<\/div>\n\t\t\t\t<\/div>","protected":false},"excerpt":{"rendered":"<p>El Museo del Louvre siempre es noticia, pero en el \u00faltimo a\u00f1o parece que est\u00e1 ocupando m\u00e1s titulares de lo habitual, anuncio de grandes obras, robo \u201cde pel\u00edcula\u201d, dimisi\u00f3n de la directora\u2026 \u00bfCu\u00e1les son las apuestas de El Gran Louvre para conseguir su esperado Renacimiento? 800 MILLONES PARA NO MORIR DE \u00c9XITO Hace unos meses [&hellip;]<\/p>\n","protected":false},"author":8,"featured_media":10472,"comment_status":"closed","ping_status":"closed","sticky":false,"template":"","format":"standard","meta":{"footnotes":""},"categories":[12],"tags":[43,89],"class_list":["post-10470","post","type-post","status-publish","format-standard","has-post-thumbnail","hentry","category-mundo-magonia","tag-aster-magonia","tag-david-garcia-esteban"],"_links":{"self":[{"href":"https:\/\/www.astermagonia.com\/en\/wp-json\/wp\/v2\/posts\/10470","targetHints":{"allow":["GET"]}}],"collection":[{"href":"https:\/\/www.astermagonia.com\/en\/wp-json\/wp\/v2\/posts"}],"about":[{"href":"https:\/\/www.astermagonia.com\/en\/wp-json\/wp\/v2\/types\/post"}],"author":[{"embeddable":true,"href":"https:\/\/www.astermagonia.com\/en\/wp-json\/wp\/v2\/users\/8"}],"replies":[{"embeddable":true,"href":"https:\/\/www.astermagonia.com\/en\/wp-json\/wp\/v2\/comments?post=10470"}],"version-history":[{"count":7,"href":"https:\/\/www.astermagonia.com\/en\/wp-json\/wp\/v2\/posts\/10470\/revisions"}],"predecessor-version":[{"id":10481,"href":"https:\/\/www.astermagonia.com\/en\/wp-json\/wp\/v2\/posts\/10470\/revisions\/10481"}],"wp:featuredmedia":[{"embeddable":true,"href":"https:\/\/www.astermagonia.com\/en\/wp-json\/wp\/v2\/media\/10472"}],"wp:attachment":[{"href":"https:\/\/www.astermagonia.com\/en\/wp-json\/wp\/v2\/media?parent=10470"}],"wp:term":[{"taxonomy":"category","embeddable":true,"href":"https:\/\/www.astermagonia.com\/en\/wp-json\/wp\/v2\/categories?post=10470"},{"taxonomy":"post_tag","embeddable":true,"href":"https:\/\/www.astermagonia.com\/en\/wp-json\/wp\/v2\/tags?post=10470"}],"curies":[{"name":"wp","href":"https:\/\/api.w.org\/{rel}","templated":true}]}}