{"id":162,"date":"2024-09-03T15:40:28","date_gmt":"2024-09-03T13:40:28","guid":{"rendered":"https:\/\/www.astermagonia.com\/?p=162"},"modified":"2026-03-09T18:25:01","modified_gmt":"2026-03-09T17:25:01","slug":"recuperar-y-reimaginar","status":"publish","type":"post","link":"https:\/\/www.astermagonia.com\/en\/recuperar-y-reimaginar\/","title":{"rendered":"Recuperar y Reimaginar"},"content":{"rendered":"<div data-elementor-type=\"wp-post\" data-elementor-id=\"162\" class=\"elementor elementor-162\" data-elementor-post-type=\"post\">\n\t\t\t\t<div class=\"elementor-element elementor-element-31c0593e e-flex e-con-boxed e-con e-parent\" data-id=\"31c0593e\" data-element_type=\"container\" data-e-type=\"container\">\n\t\t\t\t\t<div class=\"e-con-inner\">\n\t\t\t\t<div class=\"elementor-element elementor-element-438bd8d3 elementor-widget elementor-widget-text-editor\" data-id=\"438bd8d3\" data-element_type=\"widget\" data-e-type=\"widget\" data-widget_type=\"text-editor.default\">\n\t\t\t\t<div class=\"elementor-widget-container\">\n\t\t\t\t\t\t\t\t\t\n<p><strong>El Palacio Real Testamentario como ejemplo de la recuperaci\u00f3n de patrimonio olvidado y reimaginado para la puesta en valor de patrimonio hist\u00f3rico, art\u00edstico y cultural.<\/strong><\/p>\n<p><em>El\u00a0 21 de mayo de 2003, la Junta de Castilla y Le\u00f3n declar\u00f3 Bien de Inter\u00e9s Cultural como Sitio Hist\u00f3rico al Palacio Real de los Reyes Cat\u00f3licos en Medina del Campo, m\u00e1s conocido como Palacio Real Testamentario. \u00c9ste fue el primer paso para recuperar un pedacito de la Historia de Medina del Campo y del reino de Castilla, para recuperar un patrimonio, no olvidado, porque los medinenses siempre lo han tenido muy presente, pero s\u00ed relegado a un segundo plano. Un primer paso para crear con el pasado un futuro distinto, reimaginado.<\/em><\/p>\n\t\t\t\t\t\t\t\t<\/div>\n\t\t\t\t<\/div>\n\t\t\t\t<div class=\"elementor-element elementor-element-1e21751 elementor-position-left elementor-vertical-align-top elementor-widget elementor-widget-image-box\" data-id=\"1e21751\" data-element_type=\"widget\" data-e-type=\"widget\" data-widget_type=\"image-box.default\">\n\t\t\t\t<div class=\"elementor-widget-container\">\n\t\t\t\t\t<div class=\"elementor-image-box-wrapper\"><figure class=\"elementor-image-box-img\"><img fetchpriority=\"high\" decoding=\"async\" width=\"1920\" height=\"1920\" src=\"https:\/\/www.astermagonia.com\/wp-content\/uploads\/2024\/09\/Recuperar-y-reimaginar-1-scaled-e1725959688945.jpg\" class=\"attachment-full size-full wp-image-554\" alt=\"Recuperar y reimaginar (1)\" srcset=\"https:\/\/www.astermagonia.com\/wp-content\/uploads\/2024\/09\/Recuperar-y-reimaginar-1-scaled-e1725959688945.jpg 1920w, https:\/\/www.astermagonia.com\/wp-content\/uploads\/2024\/09\/Recuperar-y-reimaginar-1-scaled-e1725959688945-300x300.jpg 300w, https:\/\/www.astermagonia.com\/wp-content\/uploads\/2024\/09\/Recuperar-y-reimaginar-1-scaled-e1725959688945-100x100.jpg 100w, https:\/\/www.astermagonia.com\/wp-content\/uploads\/2024\/09\/Recuperar-y-reimaginar-1-scaled-e1725959688945-600x600.jpg 600w, https:\/\/www.astermagonia.com\/wp-content\/uploads\/2024\/09\/Recuperar-y-reimaginar-1-scaled-e1725959688945-1024x1024.jpg 1024w, https:\/\/www.astermagonia.com\/wp-content\/uploads\/2024\/09\/Recuperar-y-reimaginar-1-scaled-e1725959688945-150x150.jpg 150w, https:\/\/www.astermagonia.com\/wp-content\/uploads\/2024\/09\/Recuperar-y-reimaginar-1-scaled-e1725959688945-768x768.jpg 768w, https:\/\/www.astermagonia.com\/wp-content\/uploads\/2024\/09\/Recuperar-y-reimaginar-1-scaled-e1725959688945-1536x1536.jpg 1536w, https:\/\/www.astermagonia.com\/wp-content\/uploads\/2024\/09\/Recuperar-y-reimaginar-1-scaled-e1725959688945-12x12.jpg 12w\" sizes=\"(max-width: 1920px) 100vw, 1920px\" \/><\/figure><div class=\"elementor-image-box-content\"><h3 class=\"elementor-image-box-title\">Reimaginar para comunicar<\/h3><p class=\"elementor-image-box-description\">Tomamos la perspectiva que nos ofrece el paso del tiempo para hablaros brevemente de c\u00f3mo se cre\u00f3 y se sigue creando un futuro para este centro desde hace ya m\u00e1s de 20 a\u00f1os. C\u00f3mo se recuper\u00f3 un pedacito de Historia, se reimagin\u00f3 y se sigue reimaginando muchos a\u00f1os despu\u00e9s. Porque para nosotros est\u00e1 claro que el futuro de los museos pasa por la reimaginaci\u00f3n continua de todo el conjunto muse\u00edstico. Entendemos, en este caso, reimaginar como la manera de comunicar, de transmitir un legado patrimonial, hist\u00f3rico y social, de una manera activa y adaptada a las nuevas realidades. No hace mucho tiempo que se dej\u00f3 atr\u00e1s el museo est\u00e1tico, cerrado y atemporal, dando el salto al museo abierto, activo, participativo y actual.<\/p><\/div><\/div>\t\t\t\t<\/div>\n\t\t\t\t<\/div>\n\t\t\t\t<div class=\"elementor-element elementor-element-8ff9486 elementor-position-left elementor-vertical-align-top elementor-widget elementor-widget-image-box\" data-id=\"8ff9486\" data-element_type=\"widget\" data-e-type=\"widget\" data-widget_type=\"image-box.default\">\n\t\t\t\t<div class=\"elementor-widget-container\">\n\t\t\t\t\t<div class=\"elementor-image-box-wrapper\"><figure class=\"elementor-image-box-img\"><img decoding=\"async\" width=\"573\" height=\"573\" src=\"https:\/\/www.astermagonia.com\/wp-content\/uploads\/2024\/09\/Recuperar-y-reimaginar-5-e1725959720245.jpg\" class=\"attachment-full size-full wp-image-558\" alt=\"Recuperar y reimaginar (5)\" srcset=\"https:\/\/www.astermagonia.com\/wp-content\/uploads\/2024\/09\/Recuperar-y-reimaginar-5-e1725959720245.jpg 573w, https:\/\/www.astermagonia.com\/wp-content\/uploads\/2024\/09\/Recuperar-y-reimaginar-5-e1725959720245-300x300.jpg 300w, https:\/\/www.astermagonia.com\/wp-content\/uploads\/2024\/09\/Recuperar-y-reimaginar-5-e1725959720245-100x100.jpg 100w, https:\/\/www.astermagonia.com\/wp-content\/uploads\/2024\/09\/Recuperar-y-reimaginar-5-e1725959720245-150x150.jpg 150w, https:\/\/www.astermagonia.com\/wp-content\/uploads\/2024\/09\/Recuperar-y-reimaginar-5-e1725959720245-12x12.jpg 12w\" sizes=\"(max-width: 573px) 100vw, 573px\" \/><\/figure><div class=\"elementor-image-box-content\"><h3 class=\"elementor-image-box-title\">\u00bfPor qu\u00e9 este cambio? <\/h3><p class=\"elementor-image-box-description\">Probablemente, como en casi todas las cosas, es la uni\u00f3n varios factores lo que ha alterado tambi\u00e9n la est\u00e1tica l\u00ednea asignada a los museos. Por un lado, el cambio en la demanda de los visitantes a la hora de descubrir y disfrutar del patrimonio. Si antes nos conform\u00e1bamos con darnos un paseo, ahora no nos conformamos si no interactuamos de alguna manera con ese patrimonio. Por otro lado, los profesionales que trabajamos en este \u00e1mbito hemos sabido recoger el guante de lo que el visitante quer\u00eda y buscar las f\u00f3rmulas para satisfacer esas demandas. A esto ha ayudado mucho tanto la profesionalizaci\u00f3n del sector, con una formaci\u00f3n cada vez m\u00e1s amplia, precisa y actual, como la aplicaci\u00f3n de nuevos recursos: las nuevas tecnolog\u00edas, las redes sociales\u2026 han hecho posible que ese cambio fuera factible, f\u00e1cil y efectivo.<\/p><\/div><\/div>\t\t\t\t<\/div>\n\t\t\t\t<\/div>\n\t\t\t\t<div class=\"elementor-element elementor-element-324a9aa elementor-position-left elementor-vertical-align-top elementor-widget elementor-widget-image-box\" data-id=\"324a9aa\" data-element_type=\"widget\" data-e-type=\"widget\" data-widget_type=\"image-box.default\">\n\t\t\t\t<div class=\"elementor-widget-container\">\n\t\t\t\t\t<div class=\"elementor-image-box-wrapper\"><figure class=\"elementor-image-box-img\"><img decoding=\"async\" width=\"1920\" height=\"1920\" src=\"https:\/\/www.astermagonia.com\/wp-content\/uploads\/2024\/09\/Recuperar-y-reimaginar-2-scaled-e1725959848458.jpg\" class=\"attachment-full size-full wp-image-555\" alt=\"Recuperar y reimaginar (2)\" srcset=\"https:\/\/www.astermagonia.com\/wp-content\/uploads\/2024\/09\/Recuperar-y-reimaginar-2-scaled-e1725959848458.jpg 1920w, https:\/\/www.astermagonia.com\/wp-content\/uploads\/2024\/09\/Recuperar-y-reimaginar-2-scaled-e1725959848458-300x300.jpg 300w, https:\/\/www.astermagonia.com\/wp-content\/uploads\/2024\/09\/Recuperar-y-reimaginar-2-scaled-e1725959848458-100x100.jpg 100w, https:\/\/www.astermagonia.com\/wp-content\/uploads\/2024\/09\/Recuperar-y-reimaginar-2-scaled-e1725959848458-600x600.jpg 600w, https:\/\/www.astermagonia.com\/wp-content\/uploads\/2024\/09\/Recuperar-y-reimaginar-2-scaled-e1725959848458-1024x1024.jpg 1024w, https:\/\/www.astermagonia.com\/wp-content\/uploads\/2024\/09\/Recuperar-y-reimaginar-2-scaled-e1725959848458-150x150.jpg 150w, https:\/\/www.astermagonia.com\/wp-content\/uploads\/2024\/09\/Recuperar-y-reimaginar-2-scaled-e1725959848458-768x768.jpg 768w, https:\/\/www.astermagonia.com\/wp-content\/uploads\/2024\/09\/Recuperar-y-reimaginar-2-scaled-e1725959848458-1536x1536.jpg 1536w, https:\/\/www.astermagonia.com\/wp-content\/uploads\/2024\/09\/Recuperar-y-reimaginar-2-scaled-e1725959848458-12x12.jpg 12w\" sizes=\"(max-width: 1920px) 100vw, 1920px\" \/><\/figure><div class=\"elementor-image-box-content\"><h3 class=\"elementor-image-box-title\">El caso del Palacio Real de Medina del Campo<\/h3><p class=\"elementor-image-box-description\">Volviendo al Palacio Real de la reina Isabel en Medina del Campo y echando la vista atr\u00e1s en su historia, podemos decir que naci\u00f3 como palacio real, pero que a lo largo de sus 600 a\u00f1os de historia ha desarrollado diferentes usos y su espacio se ha ido reduciendo y modificando hasta conservarse entre un 10% y un 15% del edificio. Un lugar con mucha historia durante los siglos XIV, XV y XVI ya que en \u00e9l nacieron reyes como Fernando de Antequera o Juan II de Arag\u00f3n (abuelo y padre de Fernando el Cat\u00f3lico); vivi\u00f3, dict\u00f3 su testamento y falleci\u00f3 la reina Isabel I de Castilla; Crist\u00f3bal Col\u00f3n firm\u00f3 junto a los Reyes Cat\u00f3licos parte de las capitulaciones de su Tercer Viaje a las Indias; se convirti\u00f3 en lugar de reuniones durante las Ferias; se estableci\u00f3 el Peso Real\u2026 M\u00e1s tarde, en el siglo XVII, Carlos II lo convierte en C\u00e1rcel Real (uso que tambi\u00e9n desarroll\u00f3 durante el siglo XX) y a partir de los a\u00f1os 70 del siglo XX funcion\u00f3 como dependencias anexas al Ayuntamiento de Medina del Campo y tras su declaraci\u00f3n de BIC este mismo organismo decide recuperar esa importante historia y reimaginar los espacios conservados para crear el Centro de Interpretaci\u00f3n de la reina Isabel la Cat\u00f3lica del que ya han disfrutado m\u00e1s de 300000 personas venidas de todo el mundo. Un centro que a lo largo de sus 20 a\u00f1os de vida ha ido cambiando y se ha ido adaptando a las necesidades que plantea el p\u00fablico.<\/p><\/div><\/div>\t\t\t\t<\/div>\n\t\t\t\t<\/div>\n\t\t\t\t<div class=\"elementor-element elementor-element-9ec683d elementor-position-left elementor-vertical-align-top elementor-widget elementor-widget-image-box\" data-id=\"9ec683d\" data-element_type=\"widget\" data-e-type=\"widget\" data-widget_type=\"image-box.default\">\n\t\t\t\t<div class=\"elementor-widget-container\">\n\t\t\t\t\t<div class=\"elementor-image-box-wrapper\"><figure class=\"elementor-image-box-img\"><img loading=\"lazy\" decoding=\"async\" width=\"1442\" height=\"1440\" src=\"https:\/\/www.astermagonia.com\/wp-content\/uploads\/2024\/09\/Recuperar-y-reimaginar-4-scaled-1-e1725960031423.jpg\" class=\"attachment-full size-full wp-image-654\" alt=\"Recuperar y reimaginar 4 scaled\" srcset=\"https:\/\/www.astermagonia.com\/wp-content\/uploads\/2024\/09\/Recuperar-y-reimaginar-4-scaled-1-e1725960031423.jpg 1442w, https:\/\/www.astermagonia.com\/wp-content\/uploads\/2024\/09\/Recuperar-y-reimaginar-4-scaled-1-e1725960031423-300x300.jpg 300w, https:\/\/www.astermagonia.com\/wp-content\/uploads\/2024\/09\/Recuperar-y-reimaginar-4-scaled-1-e1725960031423-100x100.jpg 100w, https:\/\/www.astermagonia.com\/wp-content\/uploads\/2024\/09\/Recuperar-y-reimaginar-4-scaled-1-e1725960031423-600x599.jpg 600w, https:\/\/www.astermagonia.com\/wp-content\/uploads\/2024\/09\/Recuperar-y-reimaginar-4-scaled-1-e1725960031423-1024x1024.jpg 1024w, https:\/\/www.astermagonia.com\/wp-content\/uploads\/2024\/09\/Recuperar-y-reimaginar-4-scaled-1-e1725960031423-150x150.jpg 150w, https:\/\/www.astermagonia.com\/wp-content\/uploads\/2024\/09\/Recuperar-y-reimaginar-4-scaled-1-e1725960031423-768x767.jpg 768w, https:\/\/www.astermagonia.com\/wp-content\/uploads\/2024\/09\/Recuperar-y-reimaginar-4-scaled-1-e1725960031423-12x12.jpg 12w\" sizes=\"(max-width: 1442px) 100vw, 1442px\" \/><\/figure><div class=\"elementor-image-box-content\"><h3 class=\"elementor-image-box-title\">\u00bfC\u00f3mo desde Aster Magonia hemos ido reimaginando este monumento con el paso de los a\u00f1os?<\/h3><p class=\"elementor-image-box-description\">Desde su nacimiento se plante\u00f3 que adem\u00e1s de ser un centro donde se pusiera en valor una parte muy importante de la historia, fuera un centro abierto, con actividad y que se pudiera ir modificando y adaptando. As\u00ed, a d\u00eda de hoy, podemos presumir de un amplio programa de actividades complementarias que van desde las cl\u00e1sicas visitas guiadas y conferencias, a actividades mucho m\u00e1s actuales como visitas nocturnas, actividades did\u00e1cticas, virtuales, talleres, cuentacuentos, visitas teatralizadas, etc. Y en cuanto al espacio expositivo tambi\u00e9n se ha ido modificando y adaptando los recursos, con la creaci\u00f3n de nuevos espacios y complementos que el p\u00fablico visitante demandaba como la sala dedicada a Col\u00f3n, un espacio sobre la gastronom\u00eda de la \u00e9poca o la creaci\u00f3n de rincones donde presentar curiosidades del siglo XV y an\u00e9cdotas directamente relacionadas con la reina Isabel y su entorno. <\/p><\/div><\/div>\t\t\t\t<\/div>\n\t\t\t\t<\/div>\n\t\t\t\t<div class=\"elementor-element elementor-element-de9d246 elementor-position-left elementor-vertical-align-top elementor-widget elementor-widget-image-box\" data-id=\"de9d246\" data-element_type=\"widget\" data-e-type=\"widget\" data-widget_type=\"image-box.default\">\n\t\t\t\t<div class=\"elementor-widget-container\">\n\t\t\t\t\t<div class=\"elementor-image-box-wrapper\"><figure class=\"elementor-image-box-img\"><img loading=\"lazy\" decoding=\"async\" width=\"1442\" height=\"1440\" src=\"https:\/\/www.astermagonia.com\/wp-content\/uploads\/2024\/09\/Recuperar-y-reimaginar-3-scaled-e1725959923743.jpg\" class=\"attachment-full size-full wp-image-556\" alt=\"Recuperar y reimaginar (3)\" srcset=\"https:\/\/www.astermagonia.com\/wp-content\/uploads\/2024\/09\/Recuperar-y-reimaginar-3-scaled-e1725959923743.jpg 1442w, https:\/\/www.astermagonia.com\/wp-content\/uploads\/2024\/09\/Recuperar-y-reimaginar-3-scaled-e1725959923743-300x300.jpg 300w, https:\/\/www.astermagonia.com\/wp-content\/uploads\/2024\/09\/Recuperar-y-reimaginar-3-scaled-e1725959923743-100x100.jpg 100w, https:\/\/www.astermagonia.com\/wp-content\/uploads\/2024\/09\/Recuperar-y-reimaginar-3-scaled-e1725959923743-600x599.jpg 600w, https:\/\/www.astermagonia.com\/wp-content\/uploads\/2024\/09\/Recuperar-y-reimaginar-3-scaled-e1725959923743-1024x1024.jpg 1024w, https:\/\/www.astermagonia.com\/wp-content\/uploads\/2024\/09\/Recuperar-y-reimaginar-3-scaled-e1725959923743-150x150.jpg 150w, https:\/\/www.astermagonia.com\/wp-content\/uploads\/2024\/09\/Recuperar-y-reimaginar-3-scaled-e1725959923743-768x767.jpg 768w, https:\/\/www.astermagonia.com\/wp-content\/uploads\/2024\/09\/Recuperar-y-reimaginar-3-scaled-e1725959923743-12x12.jpg 12w\" sizes=\"(max-width: 1442px) 100vw, 1442px\" \/><\/figure><div class=\"elementor-image-box-content\"><h3 class=\"elementor-image-box-title\">El futuro de @Palacio_Ysabel<\/h3><p class=\"elementor-image-box-description\">Si este D\u00eda Internacional de los Museos se hubiera planteado hace unos a\u00f1os, probablemente no nos hubi\u00e9ramos atrevido a escribir sobre el futuro. Pero ahora que parece que el sector tur\u00edstico y cultural se ha recuperado de la gran crisis que sufri\u00f3 hace no tanto tiempo, vuelven la ilusi\u00f3n y las ganas de seguir trabajando con m\u00e1s \u00edmpetu, si cabe, que antes del gran bache. As\u00ed que, si hablamos de futuro en este centro, desde Aster Magonia, nos gustar\u00eda seguir con este concepto de reimaginar, reinventarse continuamente y adaptarse a las nuevas demandas tal y como llevamos haci\u00e9ndolo desde sus inicios. No siempre se acierta, pero por intentarlo que no quede.<\/p><\/div><\/div>\t\t\t\t<\/div>\n\t\t\t\t<\/div>\n\t\t\t\t<div class=\"elementor-element elementor-element-94830d6 elementor-widget elementor-widget-text-editor\" data-id=\"94830d6\" data-element_type=\"widget\" data-e-type=\"widget\" data-widget_type=\"text-editor.default\">\n\t\t\t\t<div class=\"elementor-widget-container\">\n\t\t\t\t\t\t\t\t\t<p><em>\u201cLa libertad no es un estado sino un proceso; s\u00f3lo el que sabe es libre, y m\u00e1s libre el que m\u00e1s sabe. S\u00f3lo la cultura da libertad. No proclam\u00e9is la libertad de volar, sino dad alas; no la de pensar, sino dad pensamientos. La libertad que hay que dar al pueblo es la cultura. S\u00f3lo la imposici\u00f3n de la cultura lo har\u00e1 due\u00f1o de s\u00ed mismo, que es en lo que la democracia estriba\u201d.<\/em><\/p>\t\t\t\t\t\t\t\t<\/div>\n\t\t\t\t<\/div>\n\t\t\t\t<div class=\"elementor-element elementor-element-c759312 elementor-widget elementor-widget-text-editor\" data-id=\"c759312\" data-element_type=\"widget\" data-e-type=\"widget\" data-widget_type=\"text-editor.default\">\n\t\t\t\t<div class=\"elementor-widget-container\">\n\t\t\t\t\t\t\t\t\t<p><em>Miguel de Unamuno.<\/em><\/p>\t\t\t\t\t\t\t\t<\/div>\n\t\t\t\t<\/div>\n\t\t\t\t\t<\/div>\n\t\t\t\t<\/div>\n\t\t<div class=\"elementor-element elementor-element-ed53968 e-flex e-con-boxed e-con e-parent\" data-id=\"ed53968\" data-element_type=\"container\" data-e-type=\"container\">\n\t\t\t\t\t<div class=\"e-con-inner\">\n\t\t\t\t<div class=\"elementor-element elementor-element-1c815f5 elementor-widget elementor-widget-text-editor\" data-id=\"1c815f5\" data-element_type=\"widget\" data-e-type=\"widget\" data-widget_type=\"text-editor.default\">\n\t\t\t\t<div class=\"elementor-widget-container\">\n\t\t\t\t\t\t\t\t\t<p style=\"text-align: right;\"><span style=\"color: #993366;\">David Garc\u00eda Esteban<\/span><\/p>\n<p style=\"text-align: right;\"><em>Historiador del Arte, conservador y gestor cultural<\/em>.<\/p>\n<p style=\"text-align: right;\">Aster Magonia.<\/p>\t\t\t\t\t\t\t\t<\/div>\n\t\t\t\t<\/div>\n\t\t\t\t\t<\/div>\n\t\t\t\t<\/div>\n\t\t\t\t<\/div>","protected":false},"excerpt":{"rendered":"<p>El Palacio Real Testamentario como ejemplo de la recuperaci\u00f3n de patrimonio olvidado y reimaginado para la puesta en valor de patrimonio hist\u00f3rico, art\u00edstico y cultural. El\u00a0 21 de mayo de 2003, la Junta de Castilla y Le\u00f3n declar\u00f3 Bien de Inter\u00e9s Cultural como Sitio Hist\u00f3rico al Palacio Real de los Reyes Cat\u00f3licos en Medina del [&hellip;]<\/p>\n","protected":false},"author":1,"featured_media":557,"comment_status":"closed","ping_status":"closed","sticky":false,"template":"","format":"standard","meta":{"footnotes":""},"categories":[12],"tags":[43,89],"class_list":["post-162","post","type-post","status-publish","format-standard","has-post-thumbnail","hentry","category-mundo-magonia","tag-aster-magonia","tag-david-garcia-esteban"],"_links":{"self":[{"href":"https:\/\/www.astermagonia.com\/en\/wp-json\/wp\/v2\/posts\/162","targetHints":{"allow":["GET"]}}],"collection":[{"href":"https:\/\/www.astermagonia.com\/en\/wp-json\/wp\/v2\/posts"}],"about":[{"href":"https:\/\/www.astermagonia.com\/en\/wp-json\/wp\/v2\/types\/post"}],"author":[{"embeddable":true,"href":"https:\/\/www.astermagonia.com\/en\/wp-json\/wp\/v2\/users\/1"}],"replies":[{"embeddable":true,"href":"https:\/\/www.astermagonia.com\/en\/wp-json\/wp\/v2\/comments?post=162"}],"version-history":[{"count":24,"href":"https:\/\/www.astermagonia.com\/en\/wp-json\/wp\/v2\/posts\/162\/revisions"}],"predecessor-version":[{"id":10505,"href":"https:\/\/www.astermagonia.com\/en\/wp-json\/wp\/v2\/posts\/162\/revisions\/10505"}],"wp:featuredmedia":[{"embeddable":true,"href":"https:\/\/www.astermagonia.com\/en\/wp-json\/wp\/v2\/media\/557"}],"wp:attachment":[{"href":"https:\/\/www.astermagonia.com\/en\/wp-json\/wp\/v2\/media?parent=162"}],"wp:term":[{"taxonomy":"category","embeddable":true,"href":"https:\/\/www.astermagonia.com\/en\/wp-json\/wp\/v2\/categories?post=162"},{"taxonomy":"post_tag","embeddable":true,"href":"https:\/\/www.astermagonia.com\/en\/wp-json\/wp\/v2\/tags?post=162"}],"curies":[{"name":"wp","href":"https:\/\/api.w.org\/{rel}","templated":true}]}}