{"id":1652,"date":"2025-04-05T17:55:15","date_gmt":"2025-04-05T15:55:15","guid":{"rendered":"https:\/\/www.astermagonia.com\/?p=1652"},"modified":"2026-03-09T17:45:51","modified_gmt":"2026-03-09T16:45:51","slug":"la-princesa-juana-y-su-estancia-en-la-mota-visita-tematica-en-el-castillo-de-la-mota","status":"publish","type":"post","link":"https:\/\/www.astermagonia.com\/en\/la-princesa-juana-y-su-estancia-en-la-mota-visita-tematica-en-el-castillo-de-la-mota\/","title":{"rendered":"\u201cLa princesa Juana y su estancia en La Mota\u201d. Visita tem\u00e1tica en el Castillo de la Mota."},"content":{"rendered":"<p>La fortaleza medinense cuenta con una amplia y dilatada historia en la que nos gusta bucear gracias al programa de visitas tem\u00e1ticas, unas visitas guiadas especiales con una tem\u00e1tica concreta. Gracias a estas visitas podemos profundizar m\u00e1s en determinados acontecimientos y personajes hist\u00f3ricos que han contribuido a la historia de este importante monumento.<\/p>\n\n\n\n<h2 class=\"wp-block-heading\">&#8220;La princesa Juana y su estancia en La Mota&#8221;.<\/h2>\n\n\n\n<p>La azarosa vida de la futura reina de Castilla hizo que pasara en varias ocasiones por la villa de Medina del Campo, pero hubo una vez que no fue como las otras, la vez en la que no pudo salir de La Mota.<br>Descubre la interesante vida de esta reina y su peculiar relaci\u00f3n con esta gran fortaleza.<\/p>\n\n\n\n<blockquote class=\"wp-block-quote is-layout-flow wp-block-quote-is-layout-flow\">\n<blockquote class=\"wp-block-quote is-layout-flow wp-block-quote-is-layout-flow\">\n<div class=\"wp-block-columns are-vertically-aligned-center is-layout-flex wp-container-core-columns-is-layout-28f84493 wp-block-columns-is-layout-flex\">\n<div class=\"wp-block-column is-vertically-aligned-center is-layout-flow wp-block-column-is-layout-flow\" style=\"flex-basis:100%\">\n<blockquote class=\"wp-block-quote is-layout-flow wp-block-quote-is-layout-flow\">\n<p><\/p>\n<\/blockquote>\n\n\n\n<div class=\"wp-block-columns is-layout-flex wp-container-core-columns-is-layout-28f84493 wp-block-columns-is-layout-flex\">\n<div class=\"wp-block-column is-layout-flow wp-block-column-is-layout-flow\">\n<figure class=\"wp-block-image size-large is-style-rounded\"><img fetchpriority=\"high\" decoding=\"async\" width=\"579\" height=\"1024\" src=\"https:\/\/www.astermagonia.com\/wp-content\/uploads\/2025\/04\/La-princesa-Juana-en-el-Castillo-de-la-Mota-579x1024.png\" alt=\"\" class=\"wp-image-1653\" style=\"aspect-ratio:2\/3;object-fit:cover\" srcset=\"https:\/\/www.astermagonia.com\/wp-content\/uploads\/2025\/04\/La-princesa-Juana-en-el-Castillo-de-la-Mota-579x1024.png 579w, https:\/\/www.astermagonia.com\/wp-content\/uploads\/2025\/04\/La-princesa-Juana-en-el-Castillo-de-la-Mota-170x300.png 170w, https:\/\/www.astermagonia.com\/wp-content\/uploads\/2025\/04\/La-princesa-Juana-en-el-Castillo-de-la-Mota-768x1359.png 768w, https:\/\/www.astermagonia.com\/wp-content\/uploads\/2025\/04\/La-princesa-Juana-en-el-Castillo-de-la-Mota-300x531.png 300w, https:\/\/www.astermagonia.com\/wp-content\/uploads\/2025\/04\/La-princesa-Juana-en-el-Castillo-de-la-Mota-600x1062.png 600w, https:\/\/www.astermagonia.com\/wp-content\/uploads\/2025\/04\/La-princesa-Juana-en-el-Castillo-de-la-Mota.png 832w\" sizes=\"(max-width: 579px) 100vw, 579px\" \/><\/figure>\n<\/div>\n\n\n\n<div class=\"wp-block-column is-layout-flow wp-block-column-is-layout-flow\">\n<blockquote class=\"wp-block-quote is-layout-flow wp-block-quote-is-layout-flow\">\n<p><\/p>\n\n\n\n<p><\/p>\n\n\n\n<p><\/p>\n\n\n\n<p class=\"has-text-align-center\"><strong>\u201cLa princesa Juana y su estancia en La Mota\u201d.<\/strong><\/p>\n\n\n\n<p class=\"has-text-align-center\">S\u00e1bado 12 de abril a las 11 h.<\/p>\n\n\n\n<p class=\"has-text-align-center\">Tarifa: 5,00\u20ac\/persona.<\/p>\n\n\n\n<p class=\"has-text-align-center\"><a href=\"https:\/\/www.castillodelamota.es\/contacto-y-reservas\/\">Reserva previa<\/a>:<\/p>\n\n\n\n<p class=\"has-text-align-center\">983810063 \/ 983812724<\/p>\n<\/blockquote>\n<\/div>\n<\/div>\n<\/div>\n<\/div>\n<\/blockquote>\n<\/blockquote>\n\n\n\n<p><\/p>","protected":false},"excerpt":{"rendered":"<p>\u201cLa princesa Juana y su estancia en La Mota\u201d.<\/p>\n<p>S\u00e1bado 12 de abril a las 11 h.<\/p>\n<p>Tarifa: 5,00\u20ac\/persona.<\/p>\n<p>Reserva previa:<\/p>\n<p>983810063 \/ 983812724<\/p>","protected":false},"author":8,"featured_media":1653,"comment_status":"closed","ping_status":"closed","sticky":false,"template":"","format":"standard","meta":{"footnotes":""},"categories":[11],"tags":[46,43,48,47,45],"class_list":["post-1652","post","type-post","status-publish","format-standard","has-post-thumbnail","hentry","category-noticias","tag-actividades-culturales","tag-aster-magonia","tag-historia","tag-juana-i-de-castilla","tag-medina-del-campo"],"_links":{"self":[{"href":"https:\/\/www.astermagonia.com\/en\/wp-json\/wp\/v2\/posts\/1652","targetHints":{"allow":["GET"]}}],"collection":[{"href":"https:\/\/www.astermagonia.com\/en\/wp-json\/wp\/v2\/posts"}],"about":[{"href":"https:\/\/www.astermagonia.com\/en\/wp-json\/wp\/v2\/types\/post"}],"author":[{"embeddable":true,"href":"https:\/\/www.astermagonia.com\/en\/wp-json\/wp\/v2\/users\/8"}],"replies":[{"embeddable":true,"href":"https:\/\/www.astermagonia.com\/en\/wp-json\/wp\/v2\/comments?post=1652"}],"version-history":[{"count":7,"href":"https:\/\/www.astermagonia.com\/en\/wp-json\/wp\/v2\/posts\/1652\/revisions"}],"predecessor-version":[{"id":10487,"href":"https:\/\/www.astermagonia.com\/en\/wp-json\/wp\/v2\/posts\/1652\/revisions\/10487"}],"wp:featuredmedia":[{"embeddable":true,"href":"https:\/\/www.astermagonia.com\/en\/wp-json\/wp\/v2\/media\/1653"}],"wp:attachment":[{"href":"https:\/\/www.astermagonia.com\/en\/wp-json\/wp\/v2\/media?parent=1652"}],"wp:term":[{"taxonomy":"category","embeddable":true,"href":"https:\/\/www.astermagonia.com\/en\/wp-json\/wp\/v2\/categories?post=1652"},{"taxonomy":"post_tag","embeddable":true,"href":"https:\/\/www.astermagonia.com\/en\/wp-json\/wp\/v2\/tags?post=1652"}],"curies":[{"name":"wp","href":"https:\/\/api.w.org\/{rel}","templated":true}]}}